{"id":900,"date":"2022-09-14T15:02:42","date_gmt":"2022-09-14T13:02:42","guid":{"rendered":"http:\/\/efni.pl\/2022\/09\/14\/efni-talks-europejskie-forum-nowych-idei-bedzie-trwalo-caly-rok\/"},"modified":"2022-09-14T15:12:32","modified_gmt":"2022-09-14T13:12:32","slug":"efni-talks-europejskie-forum-nowych-idei-bedzie-trwalo-caly-rok","status":"publish","type":"post","link":"https:\/\/efni.pl\/en\/efni-talks-europejskie-forum-nowych-idei-bedzie-trwalo-caly-rok\/","title":{"rendered":"EFNI TALKS \u2013 Europejskie Forum Nowych Idei b\u0119dzie trwa\u0142o ca\u0142y rok"},"content":{"rendered":"\n<p><strong>Europejskie Forum Nowych Idei rozpoczyna cykl spotka\u0144 online, kt\u00f3re swoj\u0105 tematyk\u0105 b\u0119d\u0105 nawi\u0105zywa\u0107 do wydarzenia, kt\u00f3re od ponad 10 lat odbywa si\u0119 jesieni\u0105 w Sopocie i zyska\u0142o miano jednej z najbardziej presti\u017cowych imprez gospodarczo-spo\u0142ecznych w Europie \u015arodkowej.<\/strong><\/p>\n\n<p>Pierwsze spotkanie z cyklu EFNI TALKS odb\u0119dzie si\u0119 ju\u017c w najbli\u017cszy wtorek, 12 kwietnia. G\u0142\u00f3wnym tematem b\u0119dzie wojna w Ukrainie i jej potencjalne skutki. W\u015br\u00f3d zaproszonych go\u015bci s\u0105 m.in.: ambasador Ukrainy w Polsce Andrij Deszczycia, prof. Jerzy Buzek, prof. Witold Or\u0142owski, prof. Roman Ku\u017aniar oraz Gen. Leszek Soczewica.<\/p>\n\n<p><em>\u201eWojna w Ukrainie niesie ze sob\u0105 dwie du\u017ce konsekwencje: historyczn\u0105 jedno\u015b\u0107 \u201e\u00bb<\/em><em>wolnego \u015bwiata\u00ab \u2013 kraj\u00f3w UE, Stan\u00f3w Zjednoczonych, NATO \u2013 oraz wynikaj\u0105ce z tej jednomy\u015blno\u015bci Zachodu bezprecedensowe sankcje gospodarcze na\u0142o\u017cone na agresora &#8211; Rosj\u0119, kt\u00f3re maj\u0105 ogromny wp\u0142yw r\u00f3wnie\u017c na nasz\u0105 gospodark\u0119\u201d<\/em>\u00a0 \u2013 m\u00f3wi Maciej Witucki, prezydent Konfederacji Lewiatan.\u00a0<em>\u201eWarto dyskutowa\u0107 i by\u0107 przygotowanym na r\u00f3\u017cne scenariusze, dlatego pierwsza edycja EFNI TALKS jest po\u015bwi\u0119cona w\u0142a\u015bnie nowemu porz\u0105dkowi \u015bwiata, spowodowanego agresj\u0105 Rosji na Ukrain\u0119\u201d<\/em>\u00a0\u2013 dodaje Witucki.<\/p>\n\n<p>Pierwsze spotkanie z serii EFNI TALKS odb\u0119dzie si\u0119 we wtorek, 12 kwietnia o 10:00. Udzia\u0142 jest bezp\u0142atny. Aby wzi\u0105\u0107 udzia\u0142 w transmisji wystarczy zarejestrowa\u0107 si\u0119 pod\u00a0<a href=\"https:\/\/online.ikongres.pl\/conference\/efni_talks_-_debaty_i_dyskusje?utm_source=qrcode&amp;utm_medium=print&amp;utm_campaign=materialy_drukowane\">tym linkiem<\/a>.<\/p>\n\n<p>Wydarzenie rozpocznie dyskusja \u201eNowy koncert mocarstw czy przeddzie\u0144 radykalnej zmiany?\u201d, w kt\u00f3rej wezm\u0105 udzia\u0142 m.in.\u00a0<strong>gen. Leszek Soczewica<\/strong>\u00a0i\u00a0<strong>S\u0142awomir Sierakowski<\/strong>\u00a0z Krytyki Politycznej. O 11:20 rozpocznie si\u0119 debata \u201eEkonomia \u2013 trwa\u0142a niepewno\u015b\u0107?\u201d z udzia\u0142em m.in.\u00a0<strong>prof. Jerzego Buzka<\/strong>\u00a0i\u00a0<strong>Henryki Bochniarz<\/strong>.<\/p>\n\n<p>Szczeg\u00f3\u0142owa agenda pierwszego spotkania EFNI TALKS dost\u0119pna jest na\u00a0<a href=\"https:\/\/lewiatan.org\/wydarzenia\/inauguracja-spotkan-efni-talks\/\">stronie internetowej Konfederacji<\/a>\u00a0Lewiatan.Dyskusje organizowane w ramach cyklu EFNI TALKS s\u0105 bezp\u0142atne i otwarte. Organizatorzy zach\u0119caj\u0105 jednak spo\u0142eczno\u015b\u0107 i przyjaci\u00f3\u0142 EFNI do wsparcia inicjatywy zwi\u0105zanych ze wsparciem Ukrainy i os\u00f3b uciekaj\u0105cych przed wojn\u0105. Konfederacja Lewiatan uruchomi\u0142a specjalny numer konta na kt\u00f3ry mo\u017cna przelewa\u0107 datki na pomoc Ukrainie. Szczeg\u00f3\u0142y\u00a0<a href=\"https:\/\/lewiatan.org\/konfederacja-lewiatan-wlacza-europejski-biznes-w-zbiorke-pieniedzy-na-pomoc-ukrainie\/\">dost\u0119pne pod tym adresem.<\/a><\/p>\n","protected":false},"excerpt":{"rendered":"<p>Europejskie Forum Nowych Idei rozpoczyna cykl spotka\u0144 online, kt\u00f3re swoj\u0105 tematyk\u0105 b\u0119d\u0105 nawi\u0105zywa\u0107 do wydarzenia, kt\u00f3re od ponad 10 lat odbywa si\u0119 jesieni\u0105 w Sopocie i zyska\u0142o miano jednej z najbardziej presti\u017cowych imprez gospodarczo-spo\u0142ecznych w Europie \u015arodkowej. Pierwsze spotkanie z cyklu EFNI TALKS odb\u0119dzie si\u0119 ju\u017c w najbli\u017cszy wtorek, 12 kwietnia. G\u0142\u00f3wnym tematem b\u0119dzie wojna [&hellip;]<\/p>\n","protected":false},"author":1,"featured_media":877,"comment_status":"open","ping_status":"open","sticky":false,"template":"","format":"standard","meta":{"_acf_changed":false,"inline_featured_image":false,"footnotes":""},"categories":[9],"tags":[],"class_list":["post-900","post","type-post","status-publish","format-standard","has-post-thumbnail","hentry","category-uncategorized"],"acf":[],"_links":{"self":[{"href":"https:\/\/efni.pl\/en\/wp-json\/wp\/v2\/posts\/900","targetHints":{"allow":["GET"]}}],"collection":[{"href":"https:\/\/efni.pl\/en\/wp-json\/wp\/v2\/posts"}],"about":[{"href":"https:\/\/efni.pl\/en\/wp-json\/wp\/v2\/types\/post"}],"author":[{"embeddable":true,"href":"https:\/\/efni.pl\/en\/wp-json\/wp\/v2\/users\/1"}],"replies":[{"embeddable":true,"href":"https:\/\/efni.pl\/en\/wp-json\/wp\/v2\/comments?post=900"}],"version-history":[{"count":1,"href":"https:\/\/efni.pl\/en\/wp-json\/wp\/v2\/posts\/900\/revisions"}],"predecessor-version":[{"id":901,"href":"https:\/\/efni.pl\/en\/wp-json\/wp\/v2\/posts\/900\/revisions\/901"}],"wp:featuredmedia":[{"embeddable":true,"href":"https:\/\/efni.pl\/en\/wp-json\/wp\/v2\/media\/877"}],"wp:attachment":[{"href":"https:\/\/efni.pl\/en\/wp-json\/wp\/v2\/media?parent=900"}],"wp:term":[{"taxonomy":"category","embeddable":true,"href":"https:\/\/efni.pl\/en\/wp-json\/wp\/v2\/categories?post=900"},{"taxonomy":"post_tag","embeddable":true,"href":"https:\/\/efni.pl\/en\/wp-json\/wp\/v2\/tags?post=900"}],"curies":[{"name":"wp","href":"https:\/\/api.w.org\/{rel}","templated":true}]}}